{"id":170,"date":"2017-01-09T11:30:24","date_gmt":"2017-01-09T10:30:24","guid":{"rendered":"http:\/\/www.re-creation.be\/?p=170"},"modified":"2021-02-05T15:52:51","modified_gmt":"2021-02-05T14:52:51","slug":"re-creation-sassocie-a-cap-synergies-pour-vous-proposer-une-formation-qui-beneficiera-a-toute-votre-equipe","status":"publish","type":"post","link":"https:\/\/www.re-creation.be\/index.php\/2017\/01\/09\/re-creation-sassocie-a-cap-synergies-pour-vous-proposer-une-formation-qui-beneficiera-a-toute-votre-equipe\/","title":{"rendered":"Re-creation s&rsquo;associe \u00e0 Cap Synergies pour vous proposer une formation qui b\u00e9n\u00e9ficiera \u00e0 toute votre \u00e9quipe!"},"content":{"rendered":"<p><img loading=\"lazy\" decoding=\"async\" class=\"alignnone size-medium wp-image-172\" src=\"http:\/\/www.re-creation.be\/wp-content\/uploads\/2017\/01\/coacher-changement1-300x163.jpg\" alt=\"personnage et nuage de mots motivation\" width=\"300\" height=\"163\" srcset=\"https:\/\/www.re-creation.be\/wp-content\/uploads\/2017\/01\/coacher-changement1-300x163.jpg 300w, https:\/\/www.re-creation.be\/wp-content\/uploads\/2017\/01\/coacher-changement1-768x418.jpg 768w, https:\/\/www.re-creation.be\/wp-content\/uploads\/2017\/01\/coacher-changement1.jpg 939w\" sizes=\"(max-width: 300px) 100vw, 300px\" \/><\/p>\n<p>&nbsp;<\/p>\n<p>Yes ! nous voici en 2017\u2026 Ann\u00e9e de nouveaux d\u00e9parts, de nouveaux projets, de nouvelles \u00e9motions \u2026.<\/p>\n<p>Je vous la souhaite douce, <span class=\"text_exposed_show\">vivante et tendre\u2026 et porteuse d\u2019\u00e9volution.<\/span><\/p>\n<div class=\"text_exposed_show\">\nIl reste quelques places pour un nouveau module \u00ab Coacher le changement \u00bb qui d\u00e9butera le 10 f\u00e9vrier et que j\u2019aurai le plaisir d\u2019animer, avec ma partenaire,Yvette De Reys<\/p>\n<p>Ce parcours de 6 jours est destin\u00e9 \u00e0 tout responsable d\u2019une \u00e9quipe et\/ou d\u2019une organisation d\u00e9sireux d\u2019\u00e9voluer dans sa fonction, en coh\u00e9rence avec ses besoins et ses valeurs.<\/p>\n<p>L&rsquo;objectif est de faire grandir de mani\u00e8re durable le bien-\u00eatre et la performance de ses collaborateurs et de ses \u00e9quipes en favorisant l&rsquo;autonomie, la responsabilisation, le plaisir et la communication saine et efficace.<\/p>\n<p>Je suis heureuse de vous (re) faire b\u00e9n\u00e9ficier d\u2019un tarif tr\u00e8s abordable (1150 Euro\/HTVA\/personne pour les 6 jours \u2013 tarif d\u00e9gressif si plusieurs inscriptions).<\/p>\n<p>Alors n\u2019attendez pas et contactez moi pour toute information\/ inscription.<\/p>\n<\/div>\n<p>&nbsp;<\/p>\n","protected":false},"excerpt":{"rendered":"<p>&nbsp; Yes ! nous voici en 2017\u2026 Ann\u00e9e de nouveaux d\u00e9parts, de nouveaux projets, de nouvelles \u00e9motions \u2026. Je vous la souhaite douce, vivante et tendre\u2026 et porteuse d\u2019\u00e9volution. Il reste quelques places pour un nouveau module \u00ab Coacher le changement \u00bb qui d\u00e9butera le 10 f\u00e9vrier et que j\u2019aurai le plaisir d\u2019animer, avec ma [&hellip;]<\/p>\n","protected":false},"author":2,"featured_media":0,"comment_status":"closed","ping_status":"closed","sticky":false,"template":"","format":"standard","meta":{"kk_blocks_editor_width":"","_kiokenblocks_attr":"","_kiokenblocks_dimensions":"","footnotes":""},"categories":[],"tags":[],"class_list":["post-170","post","type-post","status-publish","format-standard","hentry"],"_links":{"self":[{"href":"https:\/\/www.re-creation.be\/index.php\/wp-json\/wp\/v2\/posts\/170"}],"collection":[{"href":"https:\/\/www.re-creation.be\/index.php\/wp-json\/wp\/v2\/posts"}],"about":[{"href":"https:\/\/www.re-creation.be\/index.php\/wp-json\/wp\/v2\/types\/post"}],"author":[{"embeddable":true,"href":"https:\/\/www.re-creation.be\/index.php\/wp-json\/wp\/v2\/users\/2"}],"replies":[{"embeddable":true,"href":"https:\/\/www.re-creation.be\/index.php\/wp-json\/wp\/v2\/comments?post=170"}],"version-history":[{"count":4,"href":"https:\/\/www.re-creation.be\/index.php\/wp-json\/wp\/v2\/posts\/170\/revisions"}],"predecessor-version":[{"id":676,"href":"https:\/\/www.re-creation.be\/index.php\/wp-json\/wp\/v2\/posts\/170\/revisions\/676"}],"wp:attachment":[{"href":"https:\/\/www.re-creation.be\/index.php\/wp-json\/wp\/v2\/media?parent=170"}],"wp:term":[{"taxonomy":"category","embeddable":true,"href":"https:\/\/www.re-creation.be\/index.php\/wp-json\/wp\/v2\/categories?post=170"},{"taxonomy":"post_tag","embeddable":true,"href":"https:\/\/www.re-creation.be\/index.php\/wp-json\/wp\/v2\/tags?post=170"}],"curies":[{"name":"wp","href":"https:\/\/api.w.org\/{rel}","templated":true}]}}