{"id":185,"date":"2017-03-13T12:52:48","date_gmt":"2017-03-13T11:52:48","guid":{"rendered":"http:\/\/www.re-creation.be\/?p=185"},"modified":"2021-02-05T15:55:31","modified_gmt":"2021-02-05T14:55:31","slug":"cycle-de-conferences-sur-le-burn-out-a-ottignies","status":"publish","type":"post","link":"https:\/\/www.re-creation.be\/index.php\/2017\/03\/13\/cycle-de-conferences-sur-le-burn-out-a-ottignies\/","title":{"rendered":"Cycle de conf\u00e9rences sur le Burn-out \u00e0 Ottignies"},"content":{"rendered":"<div data-contents=\"true\">\n<div class=\"\" data-block=\"true\" data-editor=\"8qckf\" data-offset-key=\"dpmak-0-0\">\n<div class=\"_1mf _1mj\" data-offset-key=\"dpmak-0-0\"><span data-offset-key=\"dpmak-0-0\"><span data-text=\"true\">Un cycle de 3 conf\u00e9rences pour mieux comprendre le burn-out, prendre soin de soi, et rebondir lorsqu&rsquo;on l&rsquo;a travers\u00e9!<\/span><\/span><\/div>\n<\/div>\n<div class=\"\" data-block=\"true\" data-editor=\"8qckf\" data-offset-key=\"9s3cf-0-0\">\n<div class=\"_1mf _1mj\" data-offset-key=\"9s3cf-0-0\"><span data-offset-key=\"9s3cf-0-0\"><span data-text=\"true\">Info et inscription <a href=\"http:\/\/www.therapie-aide.be\/home\">Centre Th\u00e9rapie Aide<\/a> ou 0478\/ 50 70 45<\/span><\/span><\/div>\n<div class=\"_1mf _1mj\" data-offset-key=\"9s3cf-0-0\"><\/div>\n<\/div>\n<div class=\"_1mf _1mj\" data-offset-key=\"9s3cf-0-0\">\n<table style=\"height: 42px;\" width=\"822\">\n<tbody>\n<tr>\n<td width=\"256\"><img loading=\"lazy\" decoding=\"async\" class=\"alignnone size-medium wp-image-190\" src=\"http:\/\/www.re-creation.be\/wp-content\/uploads\/2017\/03\/Stress-relax-300x233.jpg\" alt=\"Stress relax\" width=\"300\" height=\"233\" srcset=\"https:\/\/www.re-creation.be\/wp-content\/uploads\/2017\/03\/Stress-relax-300x233.jpg 300w, https:\/\/www.re-creation.be\/wp-content\/uploads\/2017\/03\/Stress-relax.jpg 347w\" sizes=\"(max-width: 300px) 100vw, 300px\" \/><\/td>\n<\/tr>\n<\/tbody>\n<\/table>\n<p><strong>Cycle Burn-out&nbsp;1&nbsp;: Les signaux d\u2019alarme<\/strong><\/p>\n<p>Mercredi 22 mars de 19h30 \u00e0 21h00.<br \/>\nSortez la t\u00eate hors du sable&nbsp;: vos pens\u00e9es, ruminations, douleurs physiques, articulaires, probl\u00e8mes de sommeil, d\u2019app\u00e9tit\u2026 sont autant de moyens que votre corps utilise pour vous alerter&nbsp;!<br \/>\nOn parle beaucoup du burn out et certains connaissent des personnes en rupture professionnelle mais il est possible d\u2019arr\u00eater le train en marche&nbsp;! Pour prendre soin de vous, la premi\u00e8re \u00e9tape est d\u2019affuter vos sens, de mieux comprendre vos besoins pour peut-\u00eatre vous arr\u00eater \u00e0 temps&nbsp;!<\/p>\n<p>La bonne nouvelle&nbsp;: un burn-out, \u00e7a n\u2019est pas in\u00e9vitable&nbsp;!<\/p>\n<p>&nbsp;<\/p>\n<p><strong>Cycle Burn-out&nbsp;2&nbsp;: Les gestes \u00ab&nbsp;bien-\u00eatre&nbsp;\u00bb<\/strong><\/p>\n<p>Mercredi 19 avril de 19h30 \u00e0 21h00.<\/p>\n<p>Comment se d\u00e9connecter du travail en 2minutes chrono&nbsp;? Quelles solutions quand on travaille en \u00e9quipe sans espace priv\u00e9&nbsp;? Vous avez un travail statique ou au contraire une activit\u00e9 physique&nbsp;? Vous passez beaucoup de temps en transport en commun ou dans votre voiture&nbsp;?<strong><br \/>\n<\/strong><\/p>\n<p>Plein de solutions existent pour prendre soin de vous, \u00e0 petites doses, tout au long de la journ\u00e9e, sans que cela ne se remarque&nbsp;et \u00e0 moindre frais&nbsp;!<\/p>\n<p>Apprenez \u00e0 retrouver de l\u2019\u00e9nergie d\u00e8s que l\u2019occasion se pr\u00e9sente.<\/p>\n<p>&nbsp;<\/p>\n<p><strong>Cycle Burn-out&nbsp;3&nbsp;: Rebondir apr\u00e8s un burn-out<\/strong><\/p>\n<p>Mercredi 3 mai de 19h30 \u00e0 21h00.<strong><br \/>\n<\/strong><\/p>\n<p>Votre mental, votre physique a dit STOP, vous avez touch\u00e9 le fond et apr\u00e8s un certain temps vous souhaitez reprendre votre activit\u00e9 professionnelle ou en retrouver une nouvelle. Votre burn-out semble vous avoir fragilis\u00e9, mais avoir contact\u00e9 ses \u00e9motions les plus intimes est une force.<\/p>\n<p>Vous n\u2019\u00eates plus la m\u00eame personne et ce que vous avez travers\u00e9 vous a fait d\u00e9couvrir de nouvelles ressources. De nouveau besoins vous apparaissent, de nouvelles id\u00e9es vous inspirent mais maintenant il faut OSER. Une foule de nouvelles options s\u2019offrent \u00e0 vous, il est temps de faire le tri&nbsp;!<\/p>\n<p>Vous pouvez apprendre \u00e0 utiliser vos nouvelles comp\u00e9tences pour vous r\u00e9aliser personnellement et professionnellement.<\/p>\n<p>Tarif&nbsp;: 10 euros par conf\u00e9rences.<\/p>\n<p>Centre th\u00e9rapie-aide<\/p>\n<p>7, Place du Centre 1340 Ottignies<\/p>\n<p><strong><u>R\u00e9servation au 0478 50 70 45<\/u><\/strong><\/p>\n<\/div>\n<\/div>\n","protected":false},"excerpt":{"rendered":"<p>Un cycle de 3 conf\u00e9rences pour mieux comprendre le burn-out, prendre soin de soi, et rebondir lorsqu&rsquo;on l&rsquo;a travers\u00e9! Info et inscription Centre Th\u00e9rapie Aide ou 0478\/ 50 70 45 Cycle Burn-out&nbsp;1&nbsp;: Les signaux d\u2019alarme Mercredi 22 mars de 19h30 \u00e0 21h00. Sortez la t\u00eate hors du sable&nbsp;: vos pens\u00e9es, ruminations, douleurs physiques, articulaires, probl\u00e8mes [&hellip;]<\/p>\n","protected":false},"author":2,"featured_media":0,"comment_status":"closed","ping_status":"closed","sticky":false,"template":"","format":"standard","meta":{"kk_blocks_editor_width":"","_kiokenblocks_attr":"","_kiokenblocks_dimensions":"","footnotes":""},"categories":[6],"tags":[],"class_list":["post-185","post","type-post","status-publish","format-standard","hentry","category-re-creation-news"],"_links":{"self":[{"href":"https:\/\/www.re-creation.be\/index.php\/wp-json\/wp\/v2\/posts\/185"}],"collection":[{"href":"https:\/\/www.re-creation.be\/index.php\/wp-json\/wp\/v2\/posts"}],"about":[{"href":"https:\/\/www.re-creation.be\/index.php\/wp-json\/wp\/v2\/types\/post"}],"author":[{"embeddable":true,"href":"https:\/\/www.re-creation.be\/index.php\/wp-json\/wp\/v2\/users\/2"}],"replies":[{"embeddable":true,"href":"https:\/\/www.re-creation.be\/index.php\/wp-json\/wp\/v2\/comments?post=185"}],"version-history":[{"count":4,"href":"https:\/\/www.re-creation.be\/index.php\/wp-json\/wp\/v2\/posts\/185\/revisions"}],"predecessor-version":[{"id":680,"href":"https:\/\/www.re-creation.be\/index.php\/wp-json\/wp\/v2\/posts\/185\/revisions\/680"}],"wp:attachment":[{"href":"https:\/\/www.re-creation.be\/index.php\/wp-json\/wp\/v2\/media?parent=185"}],"wp:term":[{"taxonomy":"category","embeddable":true,"href":"https:\/\/www.re-creation.be\/index.php\/wp-json\/wp\/v2\/categories?post=185"},{"taxonomy":"post_tag","embeddable":true,"href":"https:\/\/www.re-creation.be\/index.php\/wp-json\/wp\/v2\/tags?post=185"}],"curies":[{"name":"wp","href":"https:\/\/api.w.org\/{rel}","templated":true}]}}