{"id":406,"date":"2020-11-03T08:00:00","date_gmt":"2020-11-03T07:00:00","guid":{"rendered":"http:\/\/www.re-creation.be\/?p=406"},"modified":"2021-02-05T15:42:44","modified_gmt":"2021-02-05T14:42:44","slug":"magali-de-rijck-la-plume-qui-gratte","status":"publish","type":"post","link":"https:\/\/www.re-creation.be\/index.php\/2020\/11\/03\/magali-de-rijck-la-plume-qui-gratte\/","title":{"rendered":"Magali De Rijck &#8211; La plume qui gratte"},"content":{"rendered":"\n<figure class=\"wp-block-image size-large\"><img loading=\"lazy\" decoding=\"async\" width=\"1024\" height=\"1024\" src=\"http:\/\/www.re-creation.be\/wp-content\/uploads\/2020\/11\/Magali-DE-RIJCK-pics-1024x1024.jpg\" alt=\"\" class=\"wp-image-376\" srcset=\"https:\/\/www.re-creation.be\/wp-content\/uploads\/2020\/11\/Magali-DE-RIJCK-pics-1024x1024.jpg 1024w, https:\/\/www.re-creation.be\/wp-content\/uploads\/2020\/11\/Magali-DE-RIJCK-pics-300x300.jpg 300w, https:\/\/www.re-creation.be\/wp-content\/uploads\/2020\/11\/Magali-DE-RIJCK-pics-150x150.jpg 150w, https:\/\/www.re-creation.be\/wp-content\/uploads\/2020\/11\/Magali-DE-RIJCK-pics-768x768.jpg 768w, https:\/\/www.re-creation.be\/wp-content\/uploads\/2020\/11\/Magali-DE-RIJCK-pics-75x75.jpg 75w, https:\/\/www.re-creation.be\/wp-content\/uploads\/2020\/11\/Magali-DE-RIJCK-pics.jpg 1421w\" sizes=\"(max-width: 1024px) 100vw, 1024px\" \/><\/figure>\n\n\n\n<figure class=\"wp-block-audio\"><audio controls src=\"http:\/\/www.re-creation.be\/wp-content\/uploads\/2020\/11\/Podcast-Magali-De-Rijck.mp3\"><\/audio><\/figure>\n\n\n\n<p>Magali a mis du temps \u00e0 r\u00e9aliser que ses comp\u00e9tences r\u00e9dactionnelles \npouvaient r\u00e9pondre \u00e0 un besoin. Son talent c\u2019est d\u2019accompagner ceux qui \nse lancent dans un projet d\u2019\u00e9criture, depuis un \u00ab&nbsp;simple&nbsp;\u00bb courrier \nadministratif jusqu\u2019\u00e0 un r\u00e9cit de vie ou un roman. Aujourd\u2019hui la liste \nde ces propositions est longue, son activit\u00e9 l\u2019emm\u00e8ne de Bruxelles au \nMont\u00e9n\u00e9gro et surtout elle s\u2019amuse car vraiment, pour elle c\u2019est \nindispensable!<\/p>\n\n\n\n<p><br>Si apr\u00e8s l\u2019avoir \u00e9cout\u00e9e vous souhaitez la lire, qu\u2019elle vous relise, ou co-\u00e9crire avec elle, n\u2019h\u00e9sitez pas \u00e0 la joindre:<\/p>\n\n\n\n<p>&nbsp;<a href=\"mailto:info@laplumequigratte.be\">info@laplumequigratte.be<\/a><\/p>\n\n\n\n<p>0476\/46.20.61<\/p>\n\n\n\n<blockquote class=\"wp-block-quote is-layout-flow wp-block-quote-is-layout-flow\"><p><a href=\"http:\/\/laplumequigratte.be\/\">Accueil<\/a><\/p><\/blockquote>\n\n\n\n<figure><iframe loading=\"lazy\" src=\"http:\/\/laplumequigratte.be\/embed\/#?secret=LHoI4mzNdG\" width=\"600\" height=\"338\"><\/iframe><\/figure>\n\n\n\n<figure class=\"wp-block-embed\"><div class=\"wp-block-embed__wrapper\">\nhttps:\/\/www.facebook.com\/laplumequigratte.be\n<\/div><\/figure>\n","protected":false},"excerpt":{"rendered":"<p>Magali a mis du temps \u00e0 r\u00e9aliser que ses comp\u00e9tences r\u00e9dactionnelles pouvaient r\u00e9pondre \u00e0 un besoin. Son talent c\u2019est d\u2019accompagner ceux qui se lancent dans un projet d\u2019\u00e9criture, depuis un \u00ab&nbsp;simple&nbsp;\u00bb courrier administratif jusqu\u2019\u00e0 un r\u00e9cit de vie ou un roman. Aujourd\u2019hui la liste de ces propositions est longue, son activit\u00e9 l\u2019emm\u00e8ne de Bruxelles au [&hellip;]<\/p>\n","protected":false},"author":2,"featured_media":376,"comment_status":"closed","ping_status":"closed","sticky":false,"template":"","format":"standard","meta":{"kk_blocks_editor_width":"","_kiokenblocks_attr":"","_kiokenblocks_dimensions":"","footnotes":""},"categories":[5],"tags":[],"class_list":["post-406","post","type-post","status-publish","format-standard","has-post-thumbnail","hentry","category-podcast"],"_links":{"self":[{"href":"https:\/\/www.re-creation.be\/index.php\/wp-json\/wp\/v2\/posts\/406"}],"collection":[{"href":"https:\/\/www.re-creation.be\/index.php\/wp-json\/wp\/v2\/posts"}],"about":[{"href":"https:\/\/www.re-creation.be\/index.php\/wp-json\/wp\/v2\/types\/post"}],"author":[{"embeddable":true,"href":"https:\/\/www.re-creation.be\/index.php\/wp-json\/wp\/v2\/users\/2"}],"replies":[{"embeddable":true,"href":"https:\/\/www.re-creation.be\/index.php\/wp-json\/wp\/v2\/comments?post=406"}],"version-history":[{"count":2,"href":"https:\/\/www.re-creation.be\/index.php\/wp-json\/wp\/v2\/posts\/406\/revisions"}],"predecessor-version":[{"id":409,"href":"https:\/\/www.re-creation.be\/index.php\/wp-json\/wp\/v2\/posts\/406\/revisions\/409"}],"wp:featuredmedia":[{"embeddable":true,"href":"https:\/\/www.re-creation.be\/index.php\/wp-json\/wp\/v2\/media\/376"}],"wp:attachment":[{"href":"https:\/\/www.re-creation.be\/index.php\/wp-json\/wp\/v2\/media?parent=406"}],"wp:term":[{"taxonomy":"category","embeddable":true,"href":"https:\/\/www.re-creation.be\/index.php\/wp-json\/wp\/v2\/categories?post=406"},{"taxonomy":"post_tag","embeddable":true,"href":"https:\/\/www.re-creation.be\/index.php\/wp-json\/wp\/v2\/tags?post=406"}],"curies":[{"name":"wp","href":"https:\/\/api.w.org\/{rel}","templated":true}]}}