{"id":697,"date":"2021-11-21T12:39:50","date_gmt":"2021-11-21T11:39:50","guid":{"rendered":"https:\/\/www.re-creation.be\/?p=697"},"modified":"2021-11-21T12:39:50","modified_gmt":"2021-11-21T11:39:50","slug":"valerie-hambye-designer-de-bien-etre","status":"publish","type":"post","link":"https:\/\/www.re-creation.be\/index.php\/2021\/11\/21\/valerie-hambye-designer-de-bien-etre\/","title":{"rendered":"Val\u00e9rie Hambye &#8211; Designer de bien-\u00eatre"},"content":{"rendered":"\n<p><img loading=\"lazy\" decoding=\"async\" width=\"150\" height=\"200\" class=\"wp-image-704\" style=\"width: 150px;\" src=\"https:\/\/www.re-creation.be\/wp-content\/uploads\/2021\/11\/Valerie-Hambye.jpg\" alt=\"Val\u00e9rie Hambye\" srcset=\"https:\/\/www.re-creation.be\/wp-content\/uploads\/2021\/11\/Valerie-Hambye.jpg 481w, https:\/\/www.re-creation.be\/wp-content\/uploads\/2021\/11\/Valerie-Hambye-225x300.jpg 225w\" sizes=\"(max-width: 150px) 100vw, 150px\" \/><\/p>\n\n\n\n<p>Val\u00e9rie est une femme passionn\u00e9e qui s&rsquo;est donn\u00e9 \u00e0 fond dans sa premi\u00e8re carri\u00e8re d&rsquo;avocate avant de rebondir dans un projet de d\u00e9coratrice orient\u00e9e sur le bien-\u00eatre. Au travers des espaces, elle raconte une histoire et cr\u00e9e des lieux dans lesquels chacun se sentira bien.<\/p>\n\n\n\n<figure class=\"wp-block-audio\"><audio controls src=\"https:\/\/www.re-creation.be\/wp-content\/uploads\/2021\/10\/Podcast-RE-CREATION-Valerie-Hambye-Valdeco.mp3\"><\/audio><\/figure>\n\n\n\n<p>N&rsquo;h\u00e9sitez pas \u00e0 contacter Val\u00e9rie pour tous vos projets d&rsquo;am\u00e9nagement, pour en savoir plus sur son m\u00e9tier et son parcours:<\/p>\n\n\n\n<p>+32 475 890 428<\/p>\n\n\n\n<p><a href=\"mailto:info@valdeco.be\">info@valdeco.be<\/a><\/p>\n\n\n\n<p> <a rel=\"noreferrer noopener\" href=\"http:\/\/www.valdeco.be\" target=\"_blank\">www.valdeco.be<\/a><\/p>\n\n\n\n<p><a rel=\"noreferrer noopener\" href=\"https:\/\/www.facebook.com\/valdeco.valeriehambye\" target=\"_blank\">https:\/\/www.facebook.com\/valdeco.valeriehambye<\/a><\/p>\n\n\n\n<p><a href=\"https:\/\/www.linkedin.com\/in\/val%C3%A9riehambye\/\">https:\/\/www.linkedin.com\/in\/val%C3%A9riehambye\/<\/a><\/p>\n","protected":false},"excerpt":{"rendered":"<p>Val\u00e9rie est une femme passionn\u00e9e qui s&rsquo;est donn\u00e9 \u00e0 fond dans sa premi\u00e8re carri\u00e8re d&rsquo;avocate avant de rebondir dans un projet de d\u00e9coratrice orient\u00e9e sur le bien-\u00eatre. Au travers des espaces, elle raconte une histoire et cr\u00e9e des lieux dans lesquels chacun se sentira bien. N&rsquo;h\u00e9sitez pas \u00e0 contacter Val\u00e9rie pour tous vos projets d&rsquo;am\u00e9nagement, [&hellip;]<\/p>\n","protected":false},"author":2,"featured_media":704,"comment_status":"closed","ping_status":"closed","sticky":false,"template":"","format":"standard","meta":{"kk_blocks_editor_width":"","_kiokenblocks_attr":"","_kiokenblocks_dimensions":"","footnotes":""},"categories":[1],"tags":[],"class_list":["post-697","post","type-post","status-publish","format-standard","has-post-thumbnail","hentry","category-non-classe"],"_links":{"self":[{"href":"https:\/\/www.re-creation.be\/index.php\/wp-json\/wp\/v2\/posts\/697"}],"collection":[{"href":"https:\/\/www.re-creation.be\/index.php\/wp-json\/wp\/v2\/posts"}],"about":[{"href":"https:\/\/www.re-creation.be\/index.php\/wp-json\/wp\/v2\/types\/post"}],"author":[{"embeddable":true,"href":"https:\/\/www.re-creation.be\/index.php\/wp-json\/wp\/v2\/users\/2"}],"replies":[{"embeddable":true,"href":"https:\/\/www.re-creation.be\/index.php\/wp-json\/wp\/v2\/comments?post=697"}],"version-history":[{"count":5,"href":"https:\/\/www.re-creation.be\/index.php\/wp-json\/wp\/v2\/posts\/697\/revisions"}],"predecessor-version":[{"id":714,"href":"https:\/\/www.re-creation.be\/index.php\/wp-json\/wp\/v2\/posts\/697\/revisions\/714"}],"wp:featuredmedia":[{"embeddable":true,"href":"https:\/\/www.re-creation.be\/index.php\/wp-json\/wp\/v2\/media\/704"}],"wp:attachment":[{"href":"https:\/\/www.re-creation.be\/index.php\/wp-json\/wp\/v2\/media?parent=697"}],"wp:term":[{"taxonomy":"category","embeddable":true,"href":"https:\/\/www.re-creation.be\/index.php\/wp-json\/wp\/v2\/categories?post=697"},{"taxonomy":"post_tag","embeddable":true,"href":"https:\/\/www.re-creation.be\/index.php\/wp-json\/wp\/v2\/tags?post=697"}],"curies":[{"name":"wp","href":"https:\/\/api.w.org\/{rel}","templated":true}]}}