{"id":863,"date":"2023-10-06T15:39:03","date_gmt":"2023-10-06T14:39:03","guid":{"rendered":"https:\/\/www.re-creation.be\/?p=863"},"modified":"2023-10-06T15:39:06","modified_gmt":"2023-10-06T14:39:06","slug":"catherine-mentior-des-couleurs-plein-les-murs","status":"publish","type":"post","link":"https:\/\/www.re-creation.be\/index.php\/2023\/10\/06\/catherine-mentior-des-couleurs-plein-les-murs\/","title":{"rendered":"Catherine Mentior &#8211; Des couleurs plein les murs!"},"content":{"rendered":"\n<div class=\"wp-block-kioken-imagebox text-align-none has-custom-w kt-imagebox__dcab62-71\" data-tilt-max=\"15\" style=\"max-width:376px\"><div class=\"overflow-hidden box-wrap\"><div class=\"wp-block-kioken-imagebox__inner pos-abs-zeropos kt_flex_justifystart\"><div class=\"the-content\"><\/div><\/div><div class=\"overflow-hidden imgwrap\"><img loading=\"lazy\" decoding=\"async\" width=\"300\" height=\"298\" src=\"https:\/\/www.re-creation.be\/wp-content\/uploads\/2023\/09\/Catherine-Mentior-300x298.jpg\" class=\"wp-image-862 wp-block-kioken-imagebox__img\" srcset=\"https:\/\/www.re-creation.be\/wp-content\/uploads\/2023\/09\/Catherine-Mentior-300x298.jpg 300w, https:\/\/www.re-creation.be\/wp-content\/uploads\/2023\/09\/Catherine-Mentior-150x150.jpg 150w, https:\/\/www.re-creation.be\/wp-content\/uploads\/2023\/09\/Catherine-Mentior-75x75.jpg 75w, https:\/\/www.re-creation.be\/wp-content\/uploads\/2023\/09\/Catherine-Mentior.jpg 750w\" sizes=\"(max-width: 300px) 100vw, 300px\" \/><\/div><\/div><\/div>\n\n\n\n<p>Pour cet \u00e9pisode, je rencontre une artiste peintre qui s&rsquo;exprime habituellement en image et en couleurs et donc qui enregistre son premier podcast!<\/p>\n\n\n\n<p>Catherine Mentior m&rsquo;a confi\u00e9 qu&rsquo;elle cr\u00e9ait en s&rsquo;inspirant des \u00e9motions que nous avons tou\u00b7te\u00b7s profond\u00e9ment en m\u00e9moire: une pluie d&rsquo;\u00e9t\u00e9, marcher pieds nus dans l&rsquo;herbe ou l&rsquo;odeur de la cuisine familiale quand on \u00e9tait enfant&#8230; &nbsp;Du coup ses toiles parlent \u00e0 tout le monde, nous touchent l\u00e0 o\u00f9 c&rsquo;est doux, l\u00e0 o\u00f9 c&rsquo;est libre, l\u00e0 o\u00f9 c&rsquo;est joyeux&#8230;<\/p>\n\n\n\n<figure class=\"wp-block-audio\"><audio controls src=\"https:\/\/www.re-creation.be\/wp-content\/uploads\/2023\/09\/Catherine-Mentior.mp3\"><\/audio><\/figure>\n\n\n\n<p>J&rsquo;esp\u00e8re que ces sensations vous accompagneront lors de cette \u00e9coute et vous donneront envie de retrouver tout le travail de Catherine: <\/p>\n\n\n\n<p>Cmentior@yahoo.fr +32 (0)472 800 267 <\/p>\n\n\n\n<p><a href=\"https:\/\/linktr.ee\/menticat?fbclid=IwAR1i6PaFJ_jzmHww5IUJTGYPQZlAFbF7IgmHZkskia5LT6iNP1u6yIPH7Nw\">https:\/\/linktr.ee\/menticat<\/a> <\/p>\n\n\n\n<p><a href=\"https:\/\/cmentior.wixsite.com\/imaginart?fbclid=IwAR2XlLfwTBLZq8tbL7pMpZPRXNNzdaLOwWCFEFQU-SgzLO90csRo_QeukCI\">https:\/\/cmentior.wixsite.com\/imaginart<\/a> IMAGINART by Catherine Mentior, Belgian Painting Artist.<\/p>\n\n\n\n<p>Instagram: <a href=\"https:\/\/l.facebook.com\/l.php?u=http%3A%2F%2Fwww.instagram.com%2FMenticat%3Ffbclid%3DIwAR3BBoJ8O7EL2G-dZRgYWj3gSsjJjpxwIZQ9asFvP6DStgZV2YaIhJBEDvA&amp;h=AT3g1BgDW-EE_l6BP-LvT5PmU9FCWQRv2KQsZGgVz1KGSiopmuQ4RcVefmkFzSc-AGav3n8UVJn8GjHgiAS0zd-kae9M10yLNUCjbFGv4RmXF_zpsfVxoNxtuODWiZeveUghue_T9iZzZDTpyj4\">www.instagram.com\/Menticat<\/a> <\/p>\n\n\n\n<p>Facebook: <a href=\"https:\/\/www.Facebook.com\/CatherineMentior\">www.Facebook.com\/CatherineMentior<\/a>&nbsp;<\/p>\n\n\n\n<p>Linkedin: https:\/\/www.linkedin.com\/in\/catherine-mentior\/&nbsp;<\/p>\n","protected":false},"excerpt":{"rendered":"<p>Pour cet \u00e9pisode, je rencontre une artiste peintre qui s&rsquo;exprime habituellement en image et en couleurs et donc qui enregistre son premier podcast! Catherine Mentior m&rsquo;a confi\u00e9 qu&rsquo;elle cr\u00e9ait en s&rsquo;inspirant des \u00e9motions que nous avons tou\u00b7te\u00b7s profond\u00e9ment en m\u00e9moire: une pluie d&rsquo;\u00e9t\u00e9, marcher pieds nus dans l&rsquo;herbe ou l&rsquo;odeur de la cuisine familiale quand [&hellip;]<\/p>\n","protected":false},"author":2,"featured_media":862,"comment_status":"open","ping_status":"closed","sticky":false,"template":"","format":"standard","meta":{"kk_blocks_editor_width":"","_kiokenblocks_attr":"","_kiokenblocks_dimensions":"","footnotes":""},"categories":[1,5],"tags":[],"class_list":["post-863","post","type-post","status-publish","format-standard","has-post-thumbnail","hentry","category-non-classe","category-podcast"],"_links":{"self":[{"href":"https:\/\/www.re-creation.be\/index.php\/wp-json\/wp\/v2\/posts\/863"}],"collection":[{"href":"https:\/\/www.re-creation.be\/index.php\/wp-json\/wp\/v2\/posts"}],"about":[{"href":"https:\/\/www.re-creation.be\/index.php\/wp-json\/wp\/v2\/types\/post"}],"author":[{"embeddable":true,"href":"https:\/\/www.re-creation.be\/index.php\/wp-json\/wp\/v2\/users\/2"}],"replies":[{"embeddable":true,"href":"https:\/\/www.re-creation.be\/index.php\/wp-json\/wp\/v2\/comments?post=863"}],"version-history":[{"count":3,"href":"https:\/\/www.re-creation.be\/index.php\/wp-json\/wp\/v2\/posts\/863\/revisions"}],"predecessor-version":[{"id":866,"href":"https:\/\/www.re-creation.be\/index.php\/wp-json\/wp\/v2\/posts\/863\/revisions\/866"}],"wp:featuredmedia":[{"embeddable":true,"href":"https:\/\/www.re-creation.be\/index.php\/wp-json\/wp\/v2\/media\/862"}],"wp:attachment":[{"href":"https:\/\/www.re-creation.be\/index.php\/wp-json\/wp\/v2\/media?parent=863"}],"wp:term":[{"taxonomy":"category","embeddable":true,"href":"https:\/\/www.re-creation.be\/index.php\/wp-json\/wp\/v2\/categories?post=863"},{"taxonomy":"post_tag","embeddable":true,"href":"https:\/\/www.re-creation.be\/index.php\/wp-json\/wp\/v2\/tags?post=863"}],"curies":[{"name":"wp","href":"https:\/\/api.w.org\/{rel}","templated":true}]}}