{"id":978,"date":"2025-09-30T08:00:00","date_gmt":"2025-09-30T07:00:00","guid":{"rendered":"https:\/\/www.re-creation.be\/?p=978"},"modified":"2025-09-25T10:33:28","modified_gmt":"2025-09-25T09:33:28","slug":"moneyparty-episode-7-jean-francois-van-humbeeck","status":"publish","type":"post","link":"https:\/\/www.re-creation.be\/index.php\/2025\/09\/30\/moneyparty-episode-7-jean-francois-van-humbeeck\/","title":{"rendered":"MONEYPARTY EPISODE 7 JEAN FRANCOIS VAN HUMBEECK"},"content":{"rendered":"\n<figure class=\"wp-block-image size-large is-resized\"><img loading=\"lazy\" decoding=\"async\" width=\"1024\" height=\"1024\" src=\"https:\/\/www.re-creation.be\/wp-content\/uploads\/2025\/09\/Vignette-JFVH-1024x1024.jpg\" alt=\"\" class=\"wp-image-979\" style=\"width:558px;height:auto\" srcset=\"https:\/\/www.re-creation.be\/wp-content\/uploads\/2025\/09\/Vignette-JFVH-1024x1024.jpg 1024w, https:\/\/www.re-creation.be\/wp-content\/uploads\/2025\/09\/Vignette-JFVH-300x300.jpg 300w, https:\/\/www.re-creation.be\/wp-content\/uploads\/2025\/09\/Vignette-JFVH-150x150.jpg 150w, https:\/\/www.re-creation.be\/wp-content\/uploads\/2025\/09\/Vignette-JFVH-768x768.jpg 768w, https:\/\/www.re-creation.be\/wp-content\/uploads\/2025\/09\/Vignette-JFVH-1536x1536.jpg 1536w, https:\/\/www.re-creation.be\/wp-content\/uploads\/2025\/09\/Vignette-JFVH-2048x2048.jpg 2048w, https:\/\/www.re-creation.be\/wp-content\/uploads\/2025\/09\/Vignette-JFVH-75x75.jpg 75w\" sizes=\"(max-width: 1024px) 100vw, 1024px\" \/><\/figure>\n\n\n\n<p>Vous souvenez-vous de votre 1er job?<\/p>\n\n\n\n<p>Avez-vous os\u00e9 n\u00e9gocier ce 1er salaire? Est-ce que vous aviez pr\u00e9par\u00e9 cette question, analys\u00e9 vos potentielles r\u00e9mun\u00e9rations?<\/p>\n\n\n\n<p>C&rsquo;est l&rsquo;une de questions que Jean-Fran\u00e7ois Van Humbeeck propose d&rsquo;aborder dans le cadre de son projet My1stjob qui permet aux jeunes de d\u00e9crocher une premi\u00e8re exp\u00e9rience \u00e0 la sortie de leurs \u00e9tudes.<\/p>\n\n\n\n<p>Comment s&rsquo;est-il lui-m\u00eame positionn\u00e9 au d\u00e9but de sa vie professionnelle? Quels sont les messages qu&rsquo;il souhaite partager pour les accompagner cette \u00e9tape cruciale dans la carri\u00e8re?<\/p>\n\n\n\n<p>\u00c9coutez et partagez-moi vos vos r\u00e9actions, quel est l&rsquo;impact de votre d\u00e9but de parcours sur votre situation actuelle?<\/p>\n\n\n\n<p>Pour b\u00e9n\u00e9ficier des services de la plateforme :<\/p>\n\n\n\n<p><a href=\"https:\/\/www.my1job.be\/home\">https:\/\/www.my1job.be\/home<\/a><\/p>\n\n\n\n<p><a href=\"mailto:info@my1job.be\" target=\"_blank\" rel=\"noreferrer noopener\">info@my1job.be<\/a><\/p>\n\n\n\n<p><a href=\"https:\/\/www.linkedin.com\/company\/my1job\" target=\"_blank\" rel=\"noreferrer noopener\">linkedin.com\/company\/my1job<\/a><\/p>\n\n\n\n<p><a href=\"https:\/\/www.instagram.com\/myfirstjob01\">https:\/\/www.instagram.com\/myfirstjob01<\/a><\/p>\n\n\n\n<figure class=\"wp-block-audio\"><audio controls src=\"https:\/\/www.re-creation.be\/wp-content\/uploads\/2025\/09\/Episode-7-Jean-Francois-Van-Humbeeck.mp3\"><\/audio><\/figure>\n\n\n\n<p><\/p>\n","protected":false},"excerpt":{"rendered":"<p>Vous souvenez-vous de votre 1er job? Avez-vous os\u00e9 n\u00e9gocier ce 1er salaire? Est-ce que vous aviez pr\u00e9par\u00e9 cette question, analys\u00e9 vos potentielles r\u00e9mun\u00e9rations? C&rsquo;est l&rsquo;une de questions que Jean-Fran\u00e7ois Van Humbeeck propose d&rsquo;aborder dans le cadre de son projet My1stjob qui permet aux jeunes de d\u00e9crocher une premi\u00e8re exp\u00e9rience \u00e0 la sortie de leurs \u00e9tudes. [&hellip;]<\/p>\n","protected":false},"author":2,"featured_media":979,"comment_status":"closed","ping_status":"closed","sticky":false,"template":"","format":"standard","meta":{"kk_blocks_editor_width":"","_kiokenblocks_attr":"","_kiokenblocks_dimensions":"","footnotes":""},"categories":[5],"tags":[],"class_list":["post-978","post","type-post","status-publish","format-standard","has-post-thumbnail","hentry","category-podcast"],"_links":{"self":[{"href":"https:\/\/www.re-creation.be\/index.php\/wp-json\/wp\/v2\/posts\/978"}],"collection":[{"href":"https:\/\/www.re-creation.be\/index.php\/wp-json\/wp\/v2\/posts"}],"about":[{"href":"https:\/\/www.re-creation.be\/index.php\/wp-json\/wp\/v2\/types\/post"}],"author":[{"embeddable":true,"href":"https:\/\/www.re-creation.be\/index.php\/wp-json\/wp\/v2\/users\/2"}],"replies":[{"embeddable":true,"href":"https:\/\/www.re-creation.be\/index.php\/wp-json\/wp\/v2\/comments?post=978"}],"version-history":[{"count":2,"href":"https:\/\/www.re-creation.be\/index.php\/wp-json\/wp\/v2\/posts\/978\/revisions"}],"predecessor-version":[{"id":982,"href":"https:\/\/www.re-creation.be\/index.php\/wp-json\/wp\/v2\/posts\/978\/revisions\/982"}],"wp:featuredmedia":[{"embeddable":true,"href":"https:\/\/www.re-creation.be\/index.php\/wp-json\/wp\/v2\/media\/979"}],"wp:attachment":[{"href":"https:\/\/www.re-creation.be\/index.php\/wp-json\/wp\/v2\/media?parent=978"}],"wp:term":[{"taxonomy":"category","embeddable":true,"href":"https:\/\/www.re-creation.be\/index.php\/wp-json\/wp\/v2\/categories?post=978"},{"taxonomy":"post_tag","embeddable":true,"href":"https:\/\/www.re-creation.be\/index.php\/wp-json\/wp\/v2\/tags?post=978"}],"curies":[{"name":"wp","href":"https:\/\/api.w.org\/{rel}","templated":true}]}}